{"id":1116,"date":"2024-10-08T20:52:18","date_gmt":"2024-10-08T18:52:18","guid":{"rendered":"https:\/\/www.kamerakultur.de\/?p=1116"},"modified":"2026-04-12T15:01:44","modified_gmt":"2026-04-12T13:01:44","slug":"the-family-approach-im-prinzip-familie","status":"publish","type":"post","link":"https:\/\/www.kamerakultur.de\/?p=1116","title":{"rendered":"The family approach \/ Im Prinzip Familie"},"content":{"rendered":"\r\n<div id=\"meta-origin\" data-coolorigin=\"https%3A%2F%2Fwopi.hidrive.com%2Fcool%2Fclipboard%3FWOPISrc%3Dhttps%253A%252F%252Fmy.hidrive.com%252Fapi%252Fwopi%252Ffiles%252Fn8wtlJ_YoLy-ugQp9KTxqrSOhg3WsiDobKQ3tfpT8LU%26ServerId%3Df8c30275%26ViewId%3D4%26Tag%3D9af5e9bd4f398a33\">\u00a0<\/div>\r\n\r\n\r\n\r\n<p><span lang=\"EN-GB\">Almost like a family, but always temporary: Amidst parental love, bureaucracy and youth welfare services, three youth workers do everything they can to create a home for children.\u00a0<\/span>A film about the superpower of raising a child and family in all its facets.<\/p>\r\n<p>2024, Documentary, 91 Min, 2:1, DCP <!--more--><\/p>\r\n\r\n<p><img loading=\"lazy\" decoding=\"async\" class=\"alignright wp-image-1214 size-full\" src=\"https:\/\/www.kamerakultur.de\/wordpress\/wp-content\/uploads\/IPF_2025-Plakat_DE_Web_xs.jpg\" alt=\"\" width=\"1240\" height=\"1754\" srcset=\"https:\/\/www.kamerakultur.de\/wordpress\/wp-content\/uploads\/IPF_2025-Plakat_DE_Web_xs.jpg 1240w, https:\/\/www.kamerakultur.de\/wordpress\/wp-content\/uploads\/IPF_2025-Plakat_DE_Web_xs-212x300.jpg 212w, https:\/\/www.kamerakultur.de\/wordpress\/wp-content\/uploads\/IPF_2025-Plakat_DE_Web_xs-724x1024.jpg 724w, https:\/\/www.kamerakultur.de\/wordpress\/wp-content\/uploads\/IPF_2025-Plakat_DE_Web_xs-768x1086.jpg 768w, https:\/\/www.kamerakultur.de\/wordpress\/wp-content\/uploads\/IPF_2025-Plakat_DE_Web_xs-1086x1536.jpg 1086w, https:\/\/www.kamerakultur.de\/wordpress\/wp-content\/uploads\/IPF_2025-Plakat_DE_Web_xs-640x905.jpg 640w, https:\/\/www.kamerakultur.de\/wordpress\/wp-content\/uploads\/IPF_2025-Plakat_DE_Web_xs-1024x1448.jpg 1024w, https:\/\/www.kamerakultur.de\/wordpress\/wp-content\/uploads\/IPF_2025-Plakat_DE_Web_xs-353x500.jpg 353w\" sizes=\"auto, (max-width: 1240px) 100vw, 1240px\" \/>&#8211; Film trailer <a href=\"https:\/\/www.youtube.com\/watch?v=HtRsYHRn3iM\" target=\"_blank\" rel=\"noopener\">English<\/a>\u00a0\/ <a href=\"https:\/\/vimeo.com\/1017938180?share=copy\" target=\"_blank\" rel=\"noopener\">Deutsch<\/a><br \/>&#8211; Theatrical Distribution Germany: <a href=\"http:\/\/www.imprinzipfamilie.de\" target=\"_blank\" rel=\"noopener\">Camino Filmverleih<\/a><br \/>&#8211; World Sales: <a href=\"https:\/\/javafilms.fr\/film\/the-family-approach\/\" target=\"_blank\" rel=\"noopener\">Java Films<\/a><br \/>&#8211; Social Media: <a href=\"https:\/\/www.instagram.com\/im_prinzip_familie_film\/\" target=\"_blank\" rel=\"noopener\">Instagram<\/a>, <a href=\"https:\/\/www.facebook.com\/p\/Im-Prinzip-Familie-61568325492722\/\" target=\"_blank\" rel=\"noopener\">Facebook<\/a><br \/>&#8211; Film Website: <a href=\"http:\/\/www.imprinzipfamilie.de\" target=\"_blank\" rel=\"noopener\">www.imprinzipfamilie.de<\/a><br \/>&#8211; Guide: using our film to <a href=\"https:\/\/kerndesganzen.notion.site\/leitfaden-im-prinzip-familie\" target=\"_blank\" rel=\"noopener\">create Impact<\/a><\/p>\r\n<p><strong>Credits<\/strong><br \/>a production of <a href=\"http:\/\/www.bandenfilm.de\" target=\"_blank\" rel=\"noopener\">Bandenfilm<\/a> in co production with ARTE &amp; RBB, funded by <br \/>Die Beauftragte der Bundesregierung f\u00fcr Kultur und Medien (BKM), Deutscher Filmf\u00f6rderfonds (DFFF), Filmf\u00f6rderungsanstalt (FFA), Medienboard Berlin-Brandenburg (MBB)<br \/><br \/>DIRECTOR Daniel Abma<br \/>EDITING Jana Dugnus <br \/>CINEMATOGRAPHY Johannes Praus <br \/>SOUND Alexandra Praet<br \/>SOUND DESIGN Alexandra Praet &amp; Roman Pogorzelski<br \/>RE-RECORDING MIXING Christoph Walter <br \/>MUSIC Henning Fuchs <br \/>COLOR GRADING Ana Izquierdo<br \/>TITLE DESIGN In\u00eas Gomes Ferreira<br \/>POST PRODUCTION SUPERVISOR Arno Scholwin<br \/>IMPACT PRODUCER Lisa Nawrocki<br \/>PRODUCERS Britta Strampe, Laura Klippel<br \/>COMMISIONING EDITORS Dagmar Mielke (rbb\/ARTE), Rolf Bergmann (rbb)<\/p>\r\n<p><strong>Festivals<\/strong><br \/>&#8211; Oct. 2024, <strong>DOK Leipzig<\/strong> International Leipzig Festival for Documentary and Animated Film, German Competition<br \/>&#8211; Nov. 2024, <strong>FILMZ<\/strong> &#8211; Festival des deutschen Kinos, Documentary Competition, Mainz Germany<br \/>&#8211; Nov. 2024, <strong>FilmFestival Cottbus<\/strong>, Specials, Germany<strong><br \/><\/strong>&#8211; Mar. 2025 <strong>One World International Human Rights Film Festival<\/strong>, Prague, Czech Repubic<br \/>&#8211; Mar. 2025 <strong>Thessaloniki International Documentary Festival<\/strong>, (Open Horizons), Greece<br \/>&#8211; Mar. 2025 <strong>Nonfiktionale \u2013 Festival of Documentary Film<\/strong> Bad Aibling, Germany<br \/>&#8211; April 2025 <strong>Crossing Europe Linz<\/strong> 2025 (Working Worlds), Austria<br \/>&#8211; April 2025 <strong>Visions du R\u00e9el<\/strong> 2025 (Wide Angle Competition), Nyon, Switzerland<br \/>&#8211; April 2025 <strong>Achtung Berlin Filmfestival<\/strong> (Documentary competition), Berlin, Germany<br \/>&#8211; April 2025 <strong>DOKKA<\/strong> (opening film), Karlsruhe, Germany<br \/>&#8211; Mai 2025 <strong>Neisse Filmfestival<\/strong>, Gro\u00dfhennersdorf, Germany<br \/>&#8211; Mai 2025 <strong>Docaviv<\/strong>, Tel Aviv, Israel<br \/>&#8211; Mai 2025 <strong>Festival International du Documentaire<\/strong>, C\u00e9vennes, France<br \/>&#8211; June 2025 <strong>Goldener Spatz &#8211; Deutsches Kinder und Medienfestival<\/strong>, Erfurt, Germany<br \/>&#8211; June 2025 <strong>Docudays UA<\/strong>, Kyiv, Ukraine<br \/>&#8211; Aug 2025 <strong>Heimat Europa Filmfestspiele<\/strong>, Simmern, Germany<br \/>&#8211; Sep 2025 <strong>Willkommen Zuhause Filmfestival<\/strong>, Bernau, Germany<br \/>&#8211; Sep 2025 <strong>Fin\u00e1le Plze\u0148 Film Festival<\/strong>, Plzen, Czech Republic<br \/>&#8211; Oct 2025 <strong>Husumer Filmtage<\/strong>, Husum, Germany<br \/>&#8211; Oct 2025 <strong>Inconvenient Films<\/strong>, Vilnius, Lithuania<br \/>&#8211; Okt 2025 <strong>Nuremberg International Human Rights Film Festival<\/strong> (Open Eyes school programm), Nuremberg, Germany<br \/>&#8211; Okt 2025 <strong>Annual Copenhagen Film Festival<\/strong>, Copenhagen, Denmark<br \/>&#8211; Nov 2025 <strong>29th Tallinn Black Nights Film Festival (P\u00d6FF)<\/strong>, Tallin, Estonia<br \/>&#8211; Nov 2025 <strong>Verzi\u00f3 International Human Rights Documentary Film Festival<\/strong>, Budapest, Hungary<br \/>&#8211; Nov 2025 <strong>16th TRT Documentary Awards<\/strong>, Istanbul, Turkey<br \/>&#8211; Nov 2025 <strong>Internationales Filmfestival Mannheim Heidelberg<\/strong>, Germany<br \/>&#8211; Nov 2025 <strong>Festival Internacional de Cine Documental de Buenos Aires<\/strong>, Argentina<br \/>&#8211; Dez 2025 <strong>The Education Film Festival, <\/strong>Evreux, France<br \/>&#8211; Dez 2025 <strong>Duhok International Film Festival<\/strong>, Duhok, Irak<br \/>&#8211; Dez 2025 <strong>\u00dcber Kurz oder Lang Filmfestival,<\/strong> Murnau, Germany<br \/>&#8211; Feb 2026 <strong>Frozen River Film Festival<\/strong>, Winona Minnesota, USA<br \/>&#8211; Feb 2026 <strong>Festival International Filmer le travail<\/strong>, Poitiers, France<\/p>\r\n<p><strong>Awards<\/strong><br \/>&#8211; <strong>Deutscher Filmpreis<\/strong> (Nominierung) bester Dokumentarfilm 2026<br \/>&#8211; <strong>Bayerischer Filmpreis<\/strong> &#8211; bester Dokumentarfilm 2026<br \/><strong>&#8211; Deutscher Dokumentarfilmpreis <\/strong>2025<br \/>&#8211; <strong>Deutscher Kamerapreis &#8211; bester Dokumentarfilm <\/strong>(Johannes Praus) 2025\u00a0<br \/>&#8211; <strong>Perception Change Award<\/strong> (in partnership with the United Nations) <a href=\"https:\/\/www.visionsdureel.ch\/de\/film\/2025\/the-family-approach\/\" target=\"_blank\" rel=\"noopener\">Visions du R\u00e9el<\/a> 2025<br \/>&#8211; <strong>Best Documentary Film<\/strong> &#8211; <a href=\"https:\/\/goldenerspatz.de\/\" target=\"_blank\" rel=\"noopener\">Goldener Spatz Children &amp; Youth Film Festival<\/a>, Erfurt, Germany 2025<br \/>&#8211; <strong>Ver.di-Prize for Solidarity, Humanity and Fairness<\/strong>, <a href=\"https:\/\/www.dok-leipzig.de\/auszeichnungen-jurys\" target=\"_blank\" rel=\"noopener\">DOK Leipzig<\/a> 2024<br \/>&#8211; <strong>Gedanken Aufschluss prize<\/strong>, awarded by a jury of prisoners of the Juvenile Detention Centre Regis-Breitingen, <a href=\"https:\/\/www.dok-leipzig.de\/auszeichnungen-jurys\" target=\"_blank\" rel=\"noopener\">DOK Leipzig<\/a> 2024<br \/>&#8211; <strong>Film.land.sachsen-Preis f\u00fcr Filmkultur im l\u00e4ndlichen Raum<\/strong>, <a href=\"https:\/\/www.dok-leipzig.de\/auszeichnungen-jurys\" target=\"_blank\" rel=\"noopener\">DOK Leipzig<\/a> 2024<br \/>&#8211; <strong>Prize of the Ecumenical Jury<\/strong>, <a href=\"https:\/\/achtungberlin.de\/2024\/preisverleihung-new-berlin-film-award-in-15-kategorien-vergeben\" target=\"_blank\" rel=\"noopener\">Achtung Berlin Film Festival<\/a> 2025<br \/>&#8211; <strong>Best documentary film: Price of the city of Bad Aibling<\/strong>, <a href=\"https:\/\/www.nonfiktionale.de\/home\" target=\"_blank\" rel=\"noopener\">Nonfiktionale<\/a> Bad Aibling 2025<br \/>&#8211; <strong>Special mention by the youth jury,<\/strong> <a href=\"https:\/\/neissefilmfestival.net\/en\/startseite?tx_news_pi1%5Baction%5D=detail&amp;tx_news_pi1%5Bcontroller%5D=News&amp;tx_news_pi1%5Bnews%5D=1296&amp;cHash=a015509d0bb74a9692440096ffb5b1a6\" target=\"_blank\" rel=\"noopener\">Neisse Film Festival<\/a>, Germany, 2025<br \/>&#8211;<strong> Award for most affecting film,<\/strong> <strong>Willkommen Zuhause Filmfestival<\/strong>, Bernau, Germany, 2025<br \/>&#8211; <strong>Student Jury <\/strong><strong>Award for best documentary, Festival International Filmer le travail<\/strong>, France, 2026<\/p>\r\n<p><br \/><span class=\"aligncenter\"><img loading=\"lazy\" decoding=\"async\" class=\"size-large wp-image-1130 aligncenter\" src=\"https:\/\/www.kamerakultur.de\/wordpress\/wp-content\/uploads\/Im-Prinzip-Familie_Bild05_copyright_Bandenfilm_Johannes-Praus_-1024x540.jpg\" alt=\"\" width=\"980\" height=\"517\" srcset=\"https:\/\/www.kamerakultur.de\/wordpress\/wp-content\/uploads\/Im-Prinzip-Familie_Bild05_copyright_Bandenfilm_Johannes-Praus_-1024x540.jpg 1024w, https:\/\/www.kamerakultur.de\/wordpress\/wp-content\/uploads\/Im-Prinzip-Familie_Bild05_copyright_Bandenfilm_Johannes-Praus_-300x158.jpg 300w, https:\/\/www.kamerakultur.de\/wordpress\/wp-content\/uploads\/Im-Prinzip-Familie_Bild05_copyright_Bandenfilm_Johannes-Praus_-768x405.jpg 768w, https:\/\/www.kamerakultur.de\/wordpress\/wp-content\/uploads\/Im-Prinzip-Familie_Bild05_copyright_Bandenfilm_Johannes-Praus_-1536x810.jpg 1536w, https:\/\/www.kamerakultur.de\/wordpress\/wp-content\/uploads\/Im-Prinzip-Familie_Bild05_copyright_Bandenfilm_Johannes-Praus_-2048x1080.jpg 2048w, https:\/\/www.kamerakultur.de\/wordpress\/wp-content\/uploads\/Im-Prinzip-Familie_Bild05_copyright_Bandenfilm_Johannes-Praus_-640x337.jpg 640w, https:\/\/www.kamerakultur.de\/wordpress\/wp-content\/uploads\/Im-Prinzip-Familie_Bild05_copyright_Bandenfilm_Johannes-Praus_-948x500.jpg 948w\" sizes=\"auto, (max-width: 980px) 100vw, 980px\" \/><\/span><\/p>\r\n<p><span class=\"aligncenter\"><img loading=\"lazy\" decoding=\"async\" class=\"size-large wp-image-1129 aligncenter\" src=\"https:\/\/www.kamerakultur.de\/wordpress\/wp-content\/uploads\/Im-Prinzip-Familie_Bild03_copyright_Bandenfilm_Johannes-Praus_-1024x540.jpg\" alt=\"\" width=\"980\" height=\"517\" srcset=\"https:\/\/www.kamerakultur.de\/wordpress\/wp-content\/uploads\/Im-Prinzip-Familie_Bild03_copyright_Bandenfilm_Johannes-Praus_-1024x540.jpg 1024w, https:\/\/www.kamerakultur.de\/wordpress\/wp-content\/uploads\/Im-Prinzip-Familie_Bild03_copyright_Bandenfilm_Johannes-Praus_-300x158.jpg 300w, https:\/\/www.kamerakultur.de\/wordpress\/wp-content\/uploads\/Im-Prinzip-Familie_Bild03_copyright_Bandenfilm_Johannes-Praus_-768x405.jpg 768w, https:\/\/www.kamerakultur.de\/wordpress\/wp-content\/uploads\/Im-Prinzip-Familie_Bild03_copyright_Bandenfilm_Johannes-Praus_-1536x810.jpg 1536w, https:\/\/www.kamerakultur.de\/wordpress\/wp-content\/uploads\/Im-Prinzip-Familie_Bild03_copyright_Bandenfilm_Johannes-Praus_-2048x1080.jpg 2048w, https:\/\/www.kamerakultur.de\/wordpress\/wp-content\/uploads\/Im-Prinzip-Familie_Bild03_copyright_Bandenfilm_Johannes-Praus_-640x337.jpg 640w, https:\/\/www.kamerakultur.de\/wordpress\/wp-content\/uploads\/Im-Prinzip-Familie_Bild03_copyright_Bandenfilm_Johannes-Praus_-948x500.jpg 948w\" sizes=\"auto, (max-width: 980px) 100vw, 980px\" \/><\/span><\/p>\r\n<p><span class=\"aligncenter\"><img loading=\"lazy\" decoding=\"async\" class=\"size-large wp-image-1131 aligncenter\" src=\"https:\/\/www.kamerakultur.de\/wordpress\/wp-content\/uploads\/Im-Prinzip-Familie_Bild06_copyright_Bandenfilm_Jonas-Ludwig-Walter_-1024x540.jpg\" alt=\"\" width=\"980\" height=\"517\" srcset=\"https:\/\/www.kamerakultur.de\/wordpress\/wp-content\/uploads\/Im-Prinzip-Familie_Bild06_copyright_Bandenfilm_Jonas-Ludwig-Walter_-1024x540.jpg 1024w, https:\/\/www.kamerakultur.de\/wordpress\/wp-content\/uploads\/Im-Prinzip-Familie_Bild06_copyright_Bandenfilm_Jonas-Ludwig-Walter_-300x158.jpg 300w, https:\/\/www.kamerakultur.de\/wordpress\/wp-content\/uploads\/Im-Prinzip-Familie_Bild06_copyright_Bandenfilm_Jonas-Ludwig-Walter_-768x405.jpg 768w, https:\/\/www.kamerakultur.de\/wordpress\/wp-content\/uploads\/Im-Prinzip-Familie_Bild06_copyright_Bandenfilm_Jonas-Ludwig-Walter_-1536x810.jpg 1536w, https:\/\/www.kamerakultur.de\/wordpress\/wp-content\/uploads\/Im-Prinzip-Familie_Bild06_copyright_Bandenfilm_Jonas-Ludwig-Walter_-2048x1080.jpg 2048w, https:\/\/www.kamerakultur.de\/wordpress\/wp-content\/uploads\/Im-Prinzip-Familie_Bild06_copyright_Bandenfilm_Jonas-Ludwig-Walter_-640x337.jpg 640w, https:\/\/www.kamerakultur.de\/wordpress\/wp-content\/uploads\/Im-Prinzip-Familie_Bild06_copyright_Bandenfilm_Jonas-Ludwig-Walter_-948x500.jpg 948w\" sizes=\"auto, (max-width: 980px) 100vw, 980px\" \/><\/span><\/p>\r\n<p><span class=\"aligncenter\"><img loading=\"lazy\" decoding=\"async\" class=\"aligncenter wp-image-1119 size-large\" src=\"https:\/\/www.kamerakultur.de\/wordpress\/wp-content\/uploads\/Im-Prinzip-Familie_Bild01_copyright_Bandenfilm_Johannes-Praus-1024x540.jpg\" alt=\"\" width=\"980\" height=\"517\" srcset=\"https:\/\/www.kamerakultur.de\/wordpress\/wp-content\/uploads\/Im-Prinzip-Familie_Bild01_copyright_Bandenfilm_Johannes-Praus-1024x540.jpg 1024w, https:\/\/www.kamerakultur.de\/wordpress\/wp-content\/uploads\/Im-Prinzip-Familie_Bild01_copyright_Bandenfilm_Johannes-Praus-300x158.jpg 300w, https:\/\/www.kamerakultur.de\/wordpress\/wp-content\/uploads\/Im-Prinzip-Familie_Bild01_copyright_Bandenfilm_Johannes-Praus-768x405.jpg 768w, https:\/\/www.kamerakultur.de\/wordpress\/wp-content\/uploads\/Im-Prinzip-Familie_Bild01_copyright_Bandenfilm_Johannes-Praus-1536x810.jpg 1536w, https:\/\/www.kamerakultur.de\/wordpress\/wp-content\/uploads\/Im-Prinzip-Familie_Bild01_copyright_Bandenfilm_Johannes-Praus-2048x1080.jpg 2048w, https:\/\/www.kamerakultur.de\/wordpress\/wp-content\/uploads\/Im-Prinzip-Familie_Bild01_copyright_Bandenfilm_Johannes-Praus-640x338.jpg 640w, https:\/\/www.kamerakultur.de\/wordpress\/wp-content\/uploads\/Im-Prinzip-Familie_Bild01_copyright_Bandenfilm_Johannes-Praus-948x500.jpg 948w\" sizes=\"auto, (max-width: 980px) 100vw, 980px\" \/><\/span><\/p>\r\n<p><span class=\"aligncenter\"><img loading=\"lazy\" decoding=\"async\" class=\"wp-image-1118 size-full aligncenter\" src=\"https:\/\/www.kamerakultur.de\/wordpress\/wp-content\/uploads\/Im-Prinzip-Familie_Bild02_copyright_Bandenfilm_Jonas-Ludwig-Walter-scaled.jpg\" alt=\"\" width=\"2560\" height=\"1350\" srcset=\"https:\/\/www.kamerakultur.de\/wordpress\/wp-content\/uploads\/Im-Prinzip-Familie_Bild02_copyright_Bandenfilm_Jonas-Ludwig-Walter-scaled.jpg 2560w, https:\/\/www.kamerakultur.de\/wordpress\/wp-content\/uploads\/Im-Prinzip-Familie_Bild02_copyright_Bandenfilm_Jonas-Ludwig-Walter-300x158.jpg 300w, https:\/\/www.kamerakultur.de\/wordpress\/wp-content\/uploads\/Im-Prinzip-Familie_Bild02_copyright_Bandenfilm_Jonas-Ludwig-Walter-1024x540.jpg 1024w, https:\/\/www.kamerakultur.de\/wordpress\/wp-content\/uploads\/Im-Prinzip-Familie_Bild02_copyright_Bandenfilm_Jonas-Ludwig-Walter-768x405.jpg 768w, https:\/\/www.kamerakultur.de\/wordpress\/wp-content\/uploads\/Im-Prinzip-Familie_Bild02_copyright_Bandenfilm_Jonas-Ludwig-Walter-1536x810.jpg 1536w, https:\/\/www.kamerakultur.de\/wordpress\/wp-content\/uploads\/Im-Prinzip-Familie_Bild02_copyright_Bandenfilm_Jonas-Ludwig-Walter-2048x1080.jpg 2048w, https:\/\/www.kamerakultur.de\/wordpress\/wp-content\/uploads\/Im-Prinzip-Familie_Bild02_copyright_Bandenfilm_Jonas-Ludwig-Walter-640x338.jpg 640w, https:\/\/www.kamerakultur.de\/wordpress\/wp-content\/uploads\/Im-Prinzip-Familie_Bild02_copyright_Bandenfilm_Jonas-Ludwig-Walter-948x500.jpg 948w\" sizes=\"auto, (max-width: 2560px) 100vw, 2560px\" \/><\/span><\/p>\r\n<p>&nbsp;<\/p>\r\n\r\n\r\n\r\n<p>&nbsp;<\/p>\r\n<p>&nbsp;<\/p>\r\n<p>&nbsp;<\/p>\r\n","protected":false},"excerpt":{"rendered":"<p>\u00a0 Almost like a family, but always temporary: Amidst parental love, bureaucracy and youth welfare services, three youth workers do everything they can to create a home for children.\u00a0A film about the superpower of raising [&hellip;]<\/p>\n","protected":false},"author":1,"featured_media":1118,"comment_status":"closed","ping_status":"closed","sticky":false,"template":"","format":"standard","meta":{"footnotes":""},"categories":[3],"tags":[],"class_list":["post-1116","post","type-post","status-publish","format-standard","has-post-thumbnail","hentry","category-feature-length","entry-card--square"],"_links":{"self":[{"href":"https:\/\/www.kamerakultur.de\/index.php?rest_route=\/wp\/v2\/posts\/1116","targetHints":{"allow":["GET"]}}],"collection":[{"href":"https:\/\/www.kamerakultur.de\/index.php?rest_route=\/wp\/v2\/posts"}],"about":[{"href":"https:\/\/www.kamerakultur.de\/index.php?rest_route=\/wp\/v2\/types\/post"}],"author":[{"embeddable":true,"href":"https:\/\/www.kamerakultur.de\/index.php?rest_route=\/wp\/v2\/users\/1"}],"replies":[{"embeddable":true,"href":"https:\/\/www.kamerakultur.de\/index.php?rest_route=%2Fwp%2Fv2%2Fcomments&post=1116"}],"version-history":[{"count":71,"href":"https:\/\/www.kamerakultur.de\/index.php?rest_route=\/wp\/v2\/posts\/1116\/revisions"}],"predecessor-version":[{"id":1295,"href":"https:\/\/www.kamerakultur.de\/index.php?rest_route=\/wp\/v2\/posts\/1116\/revisions\/1295"}],"wp:featuredmedia":[{"embeddable":true,"href":"https:\/\/www.kamerakultur.de\/index.php?rest_route=\/wp\/v2\/media\/1118"}],"wp:attachment":[{"href":"https:\/\/www.kamerakultur.de\/index.php?rest_route=%2Fwp%2Fv2%2Fmedia&parent=1116"}],"wp:term":[{"taxonomy":"category","embeddable":true,"href":"https:\/\/www.kamerakultur.de\/index.php?rest_route=%2Fwp%2Fv2%2Fcategories&post=1116"},{"taxonomy":"post_tag","embeddable":true,"href":"https:\/\/www.kamerakultur.de\/index.php?rest_route=%2Fwp%2Fv2%2Ftags&post=1116"}],"curies":[{"name":"wp","href":"https:\/\/api.w.org\/{rel}","templated":true}]}}